{"id":6584,"date":"2026-08-21T12:51:25","date_gmt":"2026-08-21T12:51:25","guid":{"rendered":"https:\/\/wew.lt\/tinklarastis\/?p=6584"},"modified":"2026-08-21T12:51:25","modified_gmt":"2026-08-21T12:51:25","slug":"ar-privatus-darzelis-gali-padeti-vaikui-lengviau-adaptuotis","status":"publish","type":"post","link":"https:\/\/wew.lt\/tinklarastis\/ar-privatus-darzelis-gali-padeti-vaikui-lengviau-adaptuotis\/","title":{"rendered":"Ar privatus dar\u017eelis gali pad\u0117ti vaikui lengviau adaptuotis?"},"content":{"rendered":"<p>Dar\u017eelio lankymo prad\u017eia yra svarbus pokytis ne tik vaikui, bet ir visai \u0161eimai. Nauja aplinka, nepa\u017e\u012fstami suaugusieji, kiti vaikai ir pasikeitusi dienos rutina gali kelti \u012fvairi\u0173 emocij\u0173. Vieni vaikai prie naujos aplinkos pripranta gana greitai, kitiems reikia daugiau laiko ir suaugusi\u0173j\u0173 palaikymo. Tod\u0117l renkantis dar\u017eel\u012f svarbu \u012fvertinti ne tik jo viet\u0105 ar ugdymo program\u0105, bet ir po\u017ei\u016br\u012f \u012f vaiko savijaut\u0105 bei individualius poreikius.<\/p>\n<h2><strong>Kod\u0117l adaptacijos laikotarpis toks svarbus?<\/strong><\/h2>\n<p>Pirmosiomis savait\u0117mis vaikas susipa\u017e\u012fsta su nauja kasdienybe. Jam reikia suprasti, kas vyksta grup\u0117je, kada valgoma, \u017eaid\u017eiama, ilsimasi ir kada sugr\u012f\u017eta t\u0117vai. Kuo ai\u0161kesn\u0117 ir pastovesn\u0117 dienos eiga, tuo lengviau formuojasi saugumo jausmas.<\/p>\n<p>Svarbus vaidmuo tenka ir pedagogams. Ramus bendravimas, d\u0117mesys vaiko emocijoms bei galimyb\u0117 palaipsniui \u012fsitraukti \u012f veiklas gali suma\u017einti \u012ftamp\u0105. Privatus dar\u017eelis savaime negarantuoja lengvesn\u0117s adaptacijos, ta\u010diau \u012fstaigos, kurios daug d\u0117mesio skiria individualiam vaikui, jo savijautai ir bendravimui su \u0161eima, gali sudaryti palankesnes s\u0105lygas \u0161iam etapui.<\/p>\n<h2><strong>Individualus d\u0117mesys padeda pa\u017einti vaik\u0105<\/strong><\/h2>\n<p>Kiekvienas vaikas \u012f nauj\u0105 aplink\u0105 reaguoja skirtingai. Vienas i\u0161 karto domisi \u017eaislais ir kitais vaikais, o kitam pirmiausia reikia steb\u0117ti aplink\u0105 i\u0161 \u0161alies. D\u0117l to svarbu, kad pedagogai pasteb\u0117t\u0173 vaiko reakcijas ir nereikalaut\u0173 vienodo elgesio i\u0161 visos grup\u0117s.<\/p>\n<p><a href=\"https:\/\/strazdaneles.lt\/darzelis\/\" target=\"_blank\" rel=\"noopener\">Strazdan\u0117l\u0117s<\/a> privatus dar\u017eelis savo veikloje akcentuoja pagarb\u0105, atidum\u0105 vaiko savijautai ir raidai, o ugdym\u0105 grind\u017eia Reggio Emilia filosofijos \u012fkv\u0117ptu po\u017ei\u016briu bei autorine ankstyvojo ugdymo programa. Toks po\u017ei\u016bris gali b\u016bti aktualus \u0161eimoms, kurioms svarbu, kad vaikas b\u016bt\u0173 vertinamas kaip aktyvus ugdymo proceso dalyvis.<\/p>\n<h2><strong>Kas gali palengvinti pirm\u0105sias savaites dar\u017eelyje?<\/strong><\/h2>\n<p>S\u0117kmingai adaptacijai svarbus ne vienas konkretus veiksmas, o nuoseklus \u0161eimos ir pedagog\u0173 bendradarbiavimas. Da\u017eniausiai naudinga:<\/p>\n<ul>\n<li>palaikyti pana\u0161\u0173 dienos ritm\u0105 namuose ir dar\u017eelyje;<\/li>\n<li>i\u0161 anksto ramiai kalb\u0117ti apie laukian\u010di\u0105 nauj\u0105 aplink\u0105;<\/li>\n<li>atsisveikinimus i\u0161laikyti trumpus ir ai\u0161kius;<\/li>\n<li>informuoti pedagogus apie vaiko \u012fpro\u010dius, m\u0117gstamas veiklas ir jautresnes situacijas;<\/li>\n<li>suteikti vaikui pakankamai laiko priprasti prie poky\u010di\u0173.<\/li>\n<\/ul>\n<p>Svarbu nelyginti vaiko su kitais. Adaptacijos trukm\u0117 gali skirtis, tod\u0117l keli\u0173 dien\u0173 ar keli\u0173 savai\u010di\u0173 laikotarpis savaime neparodo, kaip vaikas jausis dar\u017eelyje v\u0117liau.<\/p>\n<h2><strong>Aplinka taip pat turi reik\u0161m\u0117s<\/strong><\/h2>\n<p>Vaikui lengviau prad\u0117ti tyrin\u0117ti nauj\u0105 viet\u0105, kai aplinka yra ai\u0161ki, jauki ir skatina savaranki\u0161kai veikti. \u017daidimas, k\u016brybin\u0117s veiklos, jud\u0117jimas ir bendravimas su kitais vaikais palaipsniui padeda susieti dar\u017eel\u012f su maloniomis patirtimis.<\/p>\n<p>Ne ma\u017eiau svarbus stabilumas. Pa\u017e\u012fstami pedagogai, pasikartojanti dienos rutina ir ai\u0161kios taisykl\u0117s leid\u017eia vaikui numatyti, kas vyks toliau. Kai aplinka tampa pa\u017e\u012fstama, da\u017eniausiai ma\u017e\u0117ja ir su atsiskyrimu susijusi \u012ftampa.<\/p>\n","protected":false},"excerpt":{"rendered":"<p>Dar\u017eelio lankymo prad\u017eia yra svarbus pokytis ne tik vaikui, bet ir visai \u0161eimai. Nauja aplinka, nepa\u017e\u012fstami suaugusieji, kiti vaikai ir pasikeitusi dienos rutina gali kelti \u012fvairi\u0173 emocij\u0173. Vieni vaikai prie naujos aplinkos pripranta gana greitai, kitiems reikia daugiau laiko ir suaugusi\u0173j\u0173 palaikymo. Tod\u0117l renkantis dar\u017eel\u012f svarbu \u012fvertinti ne tik jo viet\u0105 ar ugdymo program\u0105, bet [&hellip;]<\/p>\n","protected":false},"author":1,"featured_media":6585,"comment_status":"open","ping_status":"open","sticky":false,"template":"","format":"standard","meta":{"footnotes":""},"categories":[34],"tags":[],"class_list":["post-6584","post","type-post","status-publish","format-standard","has-post-thumbnail","hentry","category-aktualu"],"aioseo_notices":[],"aioseo_head":"\n\t\t<!-- All in One SEO 5.0.0.1 - aioseo.com -->\n\t<meta name=\"description\" content=\"Dar\u017eelio lankymo prad\u017eia yra svarbus pokytis ne tik vaikui, bet ir visai \u0161eimai. Nauja aplinka, nepa\u017e\u012fstami suaugusieji, kiti vaikai ir pasikeitusi dienos rutina gali kelti \u012fvairi\u0173 emocij\u0173. Vieni vaikai prie naujos aplinkos pripranta gana greitai, kitiems reikia daugiau laiko ir suaugusi\u0173j\u0173 palaikymo. Tod\u0117l renkantis dar\u017eel\u012f svarbu \u012fvertinti ne tik jo viet\u0105 ar ugdymo program\u0105, bet\" \/>\n\t<meta name=\"robots\" content=\"max-image-preview:large\" \/>\n\t<meta name=\"author\" content=\"zwimbaa\"\/>\n\t<link rel=\"canonical\" href=\"https:\/\/wew.lt\/tinklarastis\/ar-privatus-darzelis-gali-padeti-vaikui-lengviau-adaptuotis\/\" \/>\n\t<meta name=\"generator\" content=\"All in One SEO (AIOSEO) 5.0.0.1\" \/>\n\t\t<meta property=\"og:locale\" content=\"lt_LT\" \/>\n\t\t<meta property=\"og:site_name\" content=\"Tinklara\u0161tis - wew.lt -\" \/>\n\t\t<meta property=\"og:type\" content=\"article\" \/>\n\t\t<meta property=\"og:title\" content=\"Ar privatus dar\u017eelis gali pad\u0117ti vaikui lengviau adaptuotis? - Tinklara\u0161tis - wew.lt\" \/>\n\t\t<meta property=\"og:description\" content=\"Dar\u017eelio lankymo prad\u017eia yra svarbus pokytis ne tik vaikui, bet ir visai \u0161eimai. Nauja aplinka, nepa\u017e\u012fstami suaugusieji, kiti vaikai ir pasikeitusi dienos rutina gali kelti \u012fvairi\u0173 emocij\u0173. Vieni vaikai prie naujos aplinkos pripranta gana greitai, kitiems reikia daugiau laiko ir suaugusi\u0173j\u0173 palaikymo. Tod\u0117l renkantis dar\u017eel\u012f svarbu \u012fvertinti ne tik jo viet\u0105 ar ugdymo program\u0105, bet\" \/>\n\t\t<meta property=\"og:url\" content=\"https:\/\/wew.lt\/tinklarastis\/ar-privatus-darzelis-gali-padeti-vaikui-lengviau-adaptuotis\/\" \/>\n\t\t<meta property=\"og:image\" content=\"https:\/\/wew.lt\/tinklarastis\/wp-content\/uploads\/2025\/04\/wew1.png\" \/>\n\t\t<meta property=\"og:image:secure_url\" content=\"https:\/\/wew.lt\/tinklarastis\/wp-content\/uploads\/2025\/04\/wew1.png\" \/>\n\t\t<meta property=\"article:published_time\" content=\"2026-08-21T12:51:25+00:00\" \/>\n\t\t<meta property=\"article:modified_time\" content=\"2026-08-21T12:51:25+00:00\" \/>\n\t\t<meta name=\"twitter:card\" content=\"summary_large_image\" \/>\n\t\t<meta name=\"twitter:title\" content=\"Ar privatus dar\u017eelis gali pad\u0117ti vaikui lengviau adaptuotis? - Tinklara\u0161tis - wew.lt\" \/>\n\t\t<meta name=\"twitter:description\" content=\"Dar\u017eelio lankymo prad\u017eia yra svarbus pokytis ne tik vaikui, bet ir visai \u0161eimai. Nauja aplinka, nepa\u017e\u012fstami suaugusieji, kiti vaikai ir pasikeitusi dienos rutina gali kelti \u012fvairi\u0173 emocij\u0173. Vieni vaikai prie naujos aplinkos pripranta gana greitai, kitiems reikia daugiau laiko ir suaugusi\u0173j\u0173 palaikymo. Tod\u0117l renkantis dar\u017eel\u012f svarbu \u012fvertinti ne tik jo viet\u0105 ar ugdymo program\u0105, bet\" \/>\n\t\t<meta name=\"twitter:image\" content=\"https:\/\/wew.lt\/tinklarastis\/wp-content\/uploads\/2025\/04\/wew1.png\" \/>\n\t\t<script type=\"application\/ld+json\" class=\"aioseo-schema\">\n\t\t\t{\"@context\":\"https:\\\/\\\/schema.org\",\"@graph\":[{\"@type\":\"BlogPosting\",\"@id\":\"https:\\\/\\\/wew.lt\\\/tinklarastis\\\/ar-privatus-darzelis-gali-padeti-vaikui-lengviau-adaptuotis\\\/#blogposting\",\"name\":\"Ar privatus dar\\u017eelis gali pad\\u0117ti vaikui lengviau adaptuotis? - Tinklara\\u0161tis - wew.lt\",\"headline\":\"Ar privatus dar\\u017eelis gali pad\\u0117ti vaikui lengviau adaptuotis?\",\"author\":{\"@id\":\"https:\\\/\\\/wew.lt\\\/tinklarastis\\\/author\\\/zwimbaa\\\/#author\"},\"publisher\":{\"@id\":\"https:\\\/\\\/wew.lt\\\/tinklarastis\\\/#organization\"},\"image\":{\"@type\":\"ImageObject\",\"url\":\"https:\\\/\\\/wew.lt\\\/tinklarastis\\\/wp-content\\\/uploads\\\/2026\\\/08\\\/ar-privatus-darzelis-gali-padeti-vaikui-lengviau-adaptuotis.jpg\",\"width\":1000,\"height\":666},\"datePublished\":\"2026-08-21T12:51:25+00:00\",\"dateModified\":\"2026-08-21T12:51:25+00:00\",\"inLanguage\":\"lt-LT\",\"mainEntityOfPage\":{\"@id\":\"https:\\\/\\\/wew.lt\\\/tinklarastis\\\/ar-privatus-darzelis-gali-padeti-vaikui-lengviau-adaptuotis\\\/#webpage\"},\"isPartOf\":{\"@id\":\"https:\\\/\\\/wew.lt\\\/tinklarastis\\\/ar-privatus-darzelis-gali-padeti-vaikui-lengviau-adaptuotis\\\/#webpage\"},\"articleSection\":\"Aktualu\"},{\"@type\":\"BreadcrumbList\",\"@id\":\"https:\\\/\\\/wew.lt\\\/tinklarastis\\\/ar-privatus-darzelis-gali-padeti-vaikui-lengviau-adaptuotis\\\/#breadcrumblist\",\"itemListElement\":[{\"@type\":\"ListItem\",\"@id\":\"https:\\\/\\\/wew.lt\\\/tinklarastis#listItem\",\"position\":2,\"name\":\"Tinklara\\u0161tis\",\"item\":\"https:\\\/\\\/wew.lt\\\/tinklarastis\",\"nextItem\":{\"@type\":\"ListItem\",\"@id\":\"https:\\\/\\\/wew.lt\\\/tinklarastis\\\/kategorija\\\/aktualu\\\/#listItem\",\"name\":\"Aktualu\"},\"previousItem\":{\"@type\":\"ListItem\",\"@id\":\"#listItem\",\"name\":\"wew.lt\"}},{\"@type\":\"ListItem\",\"@id\":\"https:\\\/\\\/wew.lt\\\/tinklarastis\\\/kategorija\\\/aktualu\\\/#listItem\",\"position\":3,\"name\":\"Aktualu\",\"item\":\"https:\\\/\\\/wew.lt\\\/tinklarastis\\\/kategorija\\\/aktualu\\\/\",\"nextItem\":{\"@type\":\"ListItem\",\"@id\":\"https:\\\/\\\/wew.lt\\\/tinklarastis\\\/ar-privatus-darzelis-gali-padeti-vaikui-lengviau-adaptuotis\\\/#listItem\",\"name\":\"Ar privatus dar\\u017eelis gali pad\\u0117ti vaikui lengviau adaptuotis?\"},\"previousItem\":{\"@type\":\"ListItem\",\"@id\":\"https:\\\/\\\/wew.lt\\\/tinklarastis#listItem\",\"name\":\"Tinklara\\u0161tis\"}},{\"@type\":\"ListItem\",\"@id\":\"https:\\\/\\\/wew.lt\\\/tinklarastis\\\/ar-privatus-darzelis-gali-padeti-vaikui-lengviau-adaptuotis\\\/#listItem\",\"position\":4,\"name\":\"Ar privatus dar\\u017eelis gali pad\\u0117ti vaikui lengviau adaptuotis?\",\"previousItem\":{\"@type\":\"ListItem\",\"@id\":\"https:\\\/\\\/wew.lt\\\/tinklarastis\\\/kategorija\\\/aktualu\\\/#listItem\",\"name\":\"Aktualu\"}}]},{\"@type\":\"Organization\",\"@id\":\"https:\\\/\\\/wew.lt\\\/tinklarastis\\\/#organization\",\"name\":\"Tinklara\\u0161tis - wew.lt\",\"url\":\"https:\\\/\\\/wew.lt\\\/tinklarastis\\\/\",\"logo\":{\"@type\":\"ImageObject\",\"url\":\"https:\\\/\\\/wew.lt\\\/tinklarastis\\\/wp-content\\\/uploads\\\/2025\\\/04\\\/wew1.png\",\"@id\":\"https:\\\/\\\/wew.lt\\\/tinklarastis\\\/ar-privatus-darzelis-gali-padeti-vaikui-lengviau-adaptuotis\\\/#organizationLogo\",\"width\":512,\"height\":152},\"image\":{\"@id\":\"https:\\\/\\\/wew.lt\\\/tinklarastis\\\/ar-privatus-darzelis-gali-padeti-vaikui-lengviau-adaptuotis\\\/#organizationLogo\"}},{\"@type\":\"Person\",\"@id\":\"https:\\\/\\\/wew.lt\\\/tinklarastis\\\/author\\\/zwimbaa\\\/#author\",\"url\":\"https:\\\/\\\/wew.lt\\\/tinklarastis\\\/author\\\/zwimbaa\\\/\",\"name\":\"zwimbaa\",\"image\":{\"@type\":\"ImageObject\",\"@id\":\"https:\\\/\\\/wew.lt\\\/tinklarastis\\\/ar-privatus-darzelis-gali-padeti-vaikui-lengviau-adaptuotis\\\/#authorImage\",\"url\":\"https:\\\/\\\/wew.lt\\\/tinklarastis\\\/wp-content\\\/litespeed\\\/avatar\\\/f571f9bb6d705ec24ff34b272d647a0e.jpg?ver=1787721100\",\"width\":96,\"height\":96,\"caption\":\"zwimbaa\"}},{\"@type\":\"WebPage\",\"@id\":\"https:\\\/\\\/wew.lt\\\/tinklarastis\\\/ar-privatus-darzelis-gali-padeti-vaikui-lengviau-adaptuotis\\\/#webpage\",\"url\":\"https:\\\/\\\/wew.lt\\\/tinklarastis\\\/ar-privatus-darzelis-gali-padeti-vaikui-lengviau-adaptuotis\\\/\",\"name\":\"Ar privatus dar\\u017eelis gali pad\\u0117ti vaikui lengviau adaptuotis? - Tinklara\\u0161tis - wew.lt\",\"description\":\"Dar\\u017eelio lankymo prad\\u017eia yra svarbus pokytis ne tik vaikui, bet ir visai \\u0161eimai. Nauja aplinka, nepa\\u017e\\u012fstami suaugusieji, kiti vaikai ir pasikeitusi dienos rutina gali kelti \\u012fvairi\\u0173 emocij\\u0173. Vieni vaikai prie naujos aplinkos pripranta gana greitai, kitiems reikia daugiau laiko ir suaugusi\\u0173j\\u0173 palaikymo. Tod\\u0117l renkantis dar\\u017eel\\u012f svarbu \\u012fvertinti ne tik jo viet\\u0105 ar ugdymo program\\u0105, bet\",\"inLanguage\":\"lt-LT\",\"isPartOf\":{\"@id\":\"https:\\\/\\\/wew.lt\\\/tinklarastis\\\/#website\"},\"breadcrumb\":{\"@id\":\"https:\\\/\\\/wew.lt\\\/tinklarastis\\\/ar-privatus-darzelis-gali-padeti-vaikui-lengviau-adaptuotis\\\/#breadcrumblist\"},\"author\":{\"@id\":\"https:\\\/\\\/wew.lt\\\/tinklarastis\\\/author\\\/zwimbaa\\\/#author\"},\"creator\":{\"@id\":\"https:\\\/\\\/wew.lt\\\/tinklarastis\\\/author\\\/zwimbaa\\\/#author\"},\"image\":{\"@type\":\"ImageObject\",\"url\":\"https:\\\/\\\/wew.lt\\\/tinklarastis\\\/wp-content\\\/uploads\\\/2026\\\/08\\\/ar-privatus-darzelis-gali-padeti-vaikui-lengviau-adaptuotis.jpg\",\"@id\":\"https:\\\/\\\/wew.lt\\\/tinklarastis\\\/ar-privatus-darzelis-gali-padeti-vaikui-lengviau-adaptuotis\\\/#mainImage\",\"width\":1000,\"height\":666},\"primaryImageOfPage\":{\"@id\":\"https:\\\/\\\/wew.lt\\\/tinklarastis\\\/ar-privatus-darzelis-gali-padeti-vaikui-lengviau-adaptuotis\\\/#mainImage\"},\"datePublished\":\"2026-08-21T12:51:25+00:00\",\"dateModified\":\"2026-08-21T12:51:25+00:00\"},{\"@type\":\"WebSite\",\"@id\":\"https:\\\/\\\/wew.lt\\\/tinklarastis\\\/#website\",\"url\":\"https:\\\/\\\/wew.lt\\\/tinklarastis\\\/\",\"name\":\"Tinklara\\u0161tis - wew.lt\",\"inLanguage\":\"lt-LT\",\"publisher\":{\"@id\":\"https:\\\/\\\/wew.lt\\\/tinklarastis\\\/#organization\"}}]}\n\t\t<\/script>\n\t\t<!-- All in One SEO -->\n\n","aioseo_head_json":{"title":"Ar privatus dar\u017eelis gali pad\u0117ti vaikui lengviau adaptuotis? - Tinklara\u0161tis - wew.lt","description":"Dar\u017eelio lankymo prad\u017eia yra svarbus pokytis ne tik vaikui, bet ir visai \u0161eimai. Nauja aplinka, nepa\u017e\u012fstami suaugusieji, kiti vaikai ir pasikeitusi dienos rutina gali kelti \u012fvairi\u0173 emocij\u0173. Vieni vaikai prie naujos aplinkos pripranta gana greitai, kitiems reikia daugiau laiko ir suaugusi\u0173j\u0173 palaikymo. Tod\u0117l renkantis dar\u017eel\u012f svarbu \u012fvertinti ne tik jo viet\u0105 ar ugdymo program\u0105, bet","canonical_url":"https:\/\/wew.lt\/tinklarastis\/ar-privatus-darzelis-gali-padeti-vaikui-lengviau-adaptuotis\/","robots":"max-image-preview:large","keywords":"","webmasterTools":{"miscellaneous":""},"schema":{"@context":"https:\/\/schema.org","@graph":[{"@type":"BlogPosting","@id":"https:\/\/wew.lt\/tinklarastis\/ar-privatus-darzelis-gali-padeti-vaikui-lengviau-adaptuotis\/#blogposting","name":"Ar privatus dar\u017eelis gali pad\u0117ti vaikui lengviau adaptuotis? - Tinklara\u0161tis - wew.lt","headline":"Ar privatus dar\u017eelis gali pad\u0117ti vaikui lengviau adaptuotis?","author":{"@id":"https:\/\/wew.lt\/tinklarastis\/author\/zwimbaa\/#author"},"publisher":{"@id":"https:\/\/wew.lt\/tinklarastis\/#organization"},"image":{"@type":"ImageObject","url":"https:\/\/wew.lt\/tinklarastis\/wp-content\/uploads\/2026\/08\/ar-privatus-darzelis-gali-padeti-vaikui-lengviau-adaptuotis.jpg","width":1000,"height":666},"datePublished":"2026-08-21T12:51:25+00:00","dateModified":"2026-08-21T12:51:25+00:00","inLanguage":"lt-LT","mainEntityOfPage":{"@id":"https:\/\/wew.lt\/tinklarastis\/ar-privatus-darzelis-gali-padeti-vaikui-lengviau-adaptuotis\/#webpage"},"isPartOf":{"@id":"https:\/\/wew.lt\/tinklarastis\/ar-privatus-darzelis-gali-padeti-vaikui-lengviau-adaptuotis\/#webpage"},"articleSection":"Aktualu"},{"@type":"BreadcrumbList","@id":"https:\/\/wew.lt\/tinklarastis\/ar-privatus-darzelis-gali-padeti-vaikui-lengviau-adaptuotis\/#breadcrumblist","itemListElement":[{"@type":"ListItem","@id":"https:\/\/wew.lt\/tinklarastis#listItem","position":2,"name":"Tinklara\u0161tis","item":"https:\/\/wew.lt\/tinklarastis","nextItem":{"@type":"ListItem","@id":"https:\/\/wew.lt\/tinklarastis\/kategorija\/aktualu\/#listItem","name":"Aktualu"},"previousItem":{"@type":"ListItem","@id":"#listItem","name":"wew.lt"}},{"@type":"ListItem","@id":"https:\/\/wew.lt\/tinklarastis\/kategorija\/aktualu\/#listItem","position":3,"name":"Aktualu","item":"https:\/\/wew.lt\/tinklarastis\/kategorija\/aktualu\/","nextItem":{"@type":"ListItem","@id":"https:\/\/wew.lt\/tinklarastis\/ar-privatus-darzelis-gali-padeti-vaikui-lengviau-adaptuotis\/#listItem","name":"Ar privatus dar\u017eelis gali pad\u0117ti vaikui lengviau adaptuotis?"},"previousItem":{"@type":"ListItem","@id":"https:\/\/wew.lt\/tinklarastis#listItem","name":"Tinklara\u0161tis"}},{"@type":"ListItem","@id":"https:\/\/wew.lt\/tinklarastis\/ar-privatus-darzelis-gali-padeti-vaikui-lengviau-adaptuotis\/#listItem","position":4,"name":"Ar privatus dar\u017eelis gali pad\u0117ti vaikui lengviau adaptuotis?","previousItem":{"@type":"ListItem","@id":"https:\/\/wew.lt\/tinklarastis\/kategorija\/aktualu\/#listItem","name":"Aktualu"}}]},{"@type":"Organization","@id":"https:\/\/wew.lt\/tinklarastis\/#organization","name":"Tinklara\u0161tis - wew.lt","url":"https:\/\/wew.lt\/tinklarastis\/","logo":{"@type":"ImageObject","url":"https:\/\/wew.lt\/tinklarastis\/wp-content\/uploads\/2025\/04\/wew1.png","@id":"https:\/\/wew.lt\/tinklarastis\/ar-privatus-darzelis-gali-padeti-vaikui-lengviau-adaptuotis\/#organizationLogo","width":512,"height":152},"image":{"@id":"https:\/\/wew.lt\/tinklarastis\/ar-privatus-darzelis-gali-padeti-vaikui-lengviau-adaptuotis\/#organizationLogo"}},{"@type":"Person","@id":"https:\/\/wew.lt\/tinklarastis\/author\/zwimbaa\/#author","url":"https:\/\/wew.lt\/tinklarastis\/author\/zwimbaa\/","name":"zwimbaa","image":{"@type":"ImageObject","@id":"https:\/\/wew.lt\/tinklarastis\/ar-privatus-darzelis-gali-padeti-vaikui-lengviau-adaptuotis\/#authorImage","url":"https:\/\/wew.lt\/tinklarastis\/wp-content\/litespeed\/avatar\/f571f9bb6d705ec24ff34b272d647a0e.jpg?ver=1787721100","width":96,"height":96,"caption":"zwimbaa"}},{"@type":"WebPage","@id":"https:\/\/wew.lt\/tinklarastis\/ar-privatus-darzelis-gali-padeti-vaikui-lengviau-adaptuotis\/#webpage","url":"https:\/\/wew.lt\/tinklarastis\/ar-privatus-darzelis-gali-padeti-vaikui-lengviau-adaptuotis\/","name":"Ar privatus dar\u017eelis gali pad\u0117ti vaikui lengviau adaptuotis? - Tinklara\u0161tis - wew.lt","description":"Dar\u017eelio lankymo prad\u017eia yra svarbus pokytis ne tik vaikui, bet ir visai \u0161eimai. Nauja aplinka, nepa\u017e\u012fstami suaugusieji, kiti vaikai ir pasikeitusi dienos rutina gali kelti \u012fvairi\u0173 emocij\u0173. Vieni vaikai prie naujos aplinkos pripranta gana greitai, kitiems reikia daugiau laiko ir suaugusi\u0173j\u0173 palaikymo. Tod\u0117l renkantis dar\u017eel\u012f svarbu \u012fvertinti ne tik jo viet\u0105 ar ugdymo program\u0105, bet","inLanguage":"lt-LT","isPartOf":{"@id":"https:\/\/wew.lt\/tinklarastis\/#website"},"breadcrumb":{"@id":"https:\/\/wew.lt\/tinklarastis\/ar-privatus-darzelis-gali-padeti-vaikui-lengviau-adaptuotis\/#breadcrumblist"},"author":{"@id":"https:\/\/wew.lt\/tinklarastis\/author\/zwimbaa\/#author"},"creator":{"@id":"https:\/\/wew.lt\/tinklarastis\/author\/zwimbaa\/#author"},"image":{"@type":"ImageObject","url":"https:\/\/wew.lt\/tinklarastis\/wp-content\/uploads\/2026\/08\/ar-privatus-darzelis-gali-padeti-vaikui-lengviau-adaptuotis.jpg","@id":"https:\/\/wew.lt\/tinklarastis\/ar-privatus-darzelis-gali-padeti-vaikui-lengviau-adaptuotis\/#mainImage","width":1000,"height":666},"primaryImageOfPage":{"@id":"https:\/\/wew.lt\/tinklarastis\/ar-privatus-darzelis-gali-padeti-vaikui-lengviau-adaptuotis\/#mainImage"},"datePublished":"2026-08-21T12:51:25+00:00","dateModified":"2026-08-21T12:51:25+00:00"},{"@type":"WebSite","@id":"https:\/\/wew.lt\/tinklarastis\/#website","url":"https:\/\/wew.lt\/tinklarastis\/","name":"Tinklara\u0161tis - wew.lt","inLanguage":"lt-LT","publisher":{"@id":"https:\/\/wew.lt\/tinklarastis\/#organization"}}]},"og:locale":"lt_LT","og:site_name":"Tinklara\u0161tis - wew.lt -","og:type":"article","og:title":"Ar privatus dar\u017eelis gali pad\u0117ti vaikui lengviau adaptuotis? - Tinklara\u0161tis - wew.lt","og:description":"Dar\u017eelio lankymo prad\u017eia yra svarbus pokytis ne tik vaikui, bet ir visai \u0161eimai. Nauja aplinka, nepa\u017e\u012fstami suaugusieji, kiti vaikai ir pasikeitusi dienos rutina gali kelti \u012fvairi\u0173 emocij\u0173. Vieni vaikai prie naujos aplinkos pripranta gana greitai, kitiems reikia daugiau laiko ir suaugusi\u0173j\u0173 palaikymo. Tod\u0117l renkantis dar\u017eel\u012f svarbu \u012fvertinti ne tik jo viet\u0105 ar ugdymo program\u0105, bet","og:url":"https:\/\/wew.lt\/tinklarastis\/ar-privatus-darzelis-gali-padeti-vaikui-lengviau-adaptuotis\/","og:image":"https:\/\/wew.lt\/tinklarastis\/wp-content\/uploads\/2025\/04\/wew1.png","og:image:secure_url":"https:\/\/wew.lt\/tinklarastis\/wp-content\/uploads\/2025\/04\/wew1.png","article:published_time":"2026-08-21T12:51:25+00:00","article:modified_time":"2026-08-21T12:51:25+00:00","twitter:card":"summary_large_image","twitter:title":"Ar privatus dar\u017eelis gali pad\u0117ti vaikui lengviau adaptuotis? - Tinklara\u0161tis - wew.lt","twitter:description":"Dar\u017eelio lankymo prad\u017eia yra svarbus pokytis ne tik vaikui, bet ir visai \u0161eimai. Nauja aplinka, nepa\u017e\u012fstami suaugusieji, kiti vaikai ir pasikeitusi dienos rutina gali kelti \u012fvairi\u0173 emocij\u0173. Vieni vaikai prie naujos aplinkos pripranta gana greitai, kitiems reikia daugiau laiko ir suaugusi\u0173j\u0173 palaikymo. Tod\u0117l renkantis dar\u017eel\u012f svarbu \u012fvertinti ne tik jo viet\u0105 ar ugdymo program\u0105, bet","twitter:image":"https:\/\/wew.lt\/tinklarastis\/wp-content\/uploads\/2025\/04\/wew1.png"},"aioseo_meta_data":{"post_id":"6584","title":null,"description":null,"keywords":null,"keyphrases":{"focus":{"keyphrase":"","score":0,"analysis":{"keyphraseInTitle":{"score":0,"maxScore":9,"error":1}}},"additional":[]},"primary_term":null,"canonical_url":null,"og_title":null,"og_description":null,"og_object_type":"default","og_image_type":"default","og_image_url":null,"og_image_width":null,"og_image_height":null,"og_image_custom_url":null,"og_image_custom_fields":null,"og_video":"","og_custom_url":null,"og_article_section":null,"og_article_tags":null,"twitter_use_og":false,"twitter_card":"default","twitter_image_type":"default","twitter_image_url":null,"twitter_image_custom_url":null,"twitter_image_custom_fields":null,"twitter_title":null,"twitter_description":null,"schema":{"blockGraphs":[],"customGraphs":[],"default":{"data":{"Article":[],"Course":[],"Dataset":[],"FAQPage":[],"Movie":[],"Person":[],"Product":[],"ProductReview":[],"Car":[],"Recipe":[],"Service":[],"SoftwareApplication":[],"WebPage":[]},"graphName":"BlogPosting","isEnabled":true},"graphs":[]},"schema_type":"default","schema_type_options":null,"pillar_content":false,"robots_default":true,"robots_noindex":false,"robots_noarchive":false,"robots_nosnippet":false,"robots_nofollow":false,"robots_noimageindex":false,"robots_noodp":false,"robots_notranslate":false,"robots_max_snippet":"-1","robots_max_videopreview":"-1","robots_max_imagepreview":"large","priority":null,"frequency":"default","local_seo":null,"breadcrumb_settings":null,"limit_modified_date":false,"ai":{"faqs":[],"keyPoints":[],"schemas":[],"titles":[],"descriptions":[],"socialPosts":{"email":{"subject":"","preview":"","content":""},"linkedin":[],"twitter":[],"facebook":[],"instagram":[]}},"created":"2026-08-21 12:51:25","updated":"2026-08-21 12:54:03","seo_analyzer_scan_date":null,"focus_keyword":null,"additional_keywords":null,"truseo_locale":null},"aioseo_breadcrumb":"<div class=\"aioseo-breadcrumbs\"><span class=\"aioseo-breadcrumb\">\n\t\t\twew.lt\n\t\t<\/span><span class=\"aioseo-breadcrumb-separator\">\u00bb<\/span><span class=\"aioseo-breadcrumb\">\n\t\t\t<a href=\"https:\/\/wew.lt\/tinklarastis\" title=\"Tinklara\u0161tis\">Tinklara\u0161tis<\/a>\n\t\t<\/span><span class=\"aioseo-breadcrumb-separator\">\u00bb<\/span><span class=\"aioseo-breadcrumb\">\n\t\t\t<a href=\"https:\/\/wew.lt\/tinklarastis\/kategorija\/aktualu\/\" title=\"Aktualu\">Aktualu<\/a>\n\t\t<\/span><span class=\"aioseo-breadcrumb-separator\">\u00bb<\/span><span class=\"aioseo-breadcrumb\">\n\t\t\tAr privatus dar\u017eelis gali pad\u0117ti vaikui lengviau adaptuotis?\n\t\t<\/span><\/div>","aioseo_breadcrumb_json":[{"label":"wew.lt","link":""},{"label":"Tinklara\u0161tis","link":"https:\/\/wew.lt\/tinklarastis"},{"label":"Aktualu","link":"https:\/\/wew.lt\/tinklarastis\/kategorija\/aktualu\/"},{"label":"Ar privatus dar\u017eelis gali pad\u0117ti vaikui lengviau adaptuotis?","link":"https:\/\/wew.lt\/tinklarastis\/ar-privatus-darzelis-gali-padeti-vaikui-lengviau-adaptuotis\/"}],"_links":{"self":[{"href":"https:\/\/wew.lt\/tinklarastis\/wp-json\/wp\/v2\/posts\/6584","targetHints":{"allow":["GET"]}}],"collection":[{"href":"https:\/\/wew.lt\/tinklarastis\/wp-json\/wp\/v2\/posts"}],"about":[{"href":"https:\/\/wew.lt\/tinklarastis\/wp-json\/wp\/v2\/types\/post"}],"author":[{"embeddable":true,"href":"https:\/\/wew.lt\/tinklarastis\/wp-json\/wp\/v2\/users\/1"}],"replies":[{"embeddable":true,"href":"https:\/\/wew.lt\/tinklarastis\/wp-json\/wp\/v2\/comments?post=6584"}],"version-history":[{"count":1,"href":"https:\/\/wew.lt\/tinklarastis\/wp-json\/wp\/v2\/posts\/6584\/revisions"}],"predecessor-version":[{"id":6586,"href":"https:\/\/wew.lt\/tinklarastis\/wp-json\/wp\/v2\/posts\/6584\/revisions\/6586"}],"wp:featuredmedia":[{"embeddable":true,"href":"https:\/\/wew.lt\/tinklarastis\/wp-json\/wp\/v2\/media\/6585"}],"wp:attachment":[{"href":"https:\/\/wew.lt\/tinklarastis\/wp-json\/wp\/v2\/media?parent=6584"}],"wp:term":[{"taxonomy":"category","embeddable":true,"href":"https:\/\/wew.lt\/tinklarastis\/wp-json\/wp\/v2\/categories?post=6584"},{"taxonomy":"post_tag","embeddable":true,"href":"https:\/\/wew.lt\/tinklarastis\/wp-json\/wp\/v2\/tags?post=6584"}],"curies":[{"name":"wp","href":"https:\/\/api.w.org\/{rel}","templated":true}]}}